{"id":224,"date":"2024-01-14T17:00:37","date_gmt":"2024-01-14T16:00:37","guid":{"rendered":"https:\/\/kuesten-kind.de\/KK2024\/?p=224"},"modified":"2024-01-14T17:03:14","modified_gmt":"2024-01-14T16:03:14","slug":"224-2","status":"publish","type":"post","link":"https:\/\/kuesten-kind.de\/KK2024\/224-2\/","title":{"rendered":"DER K\u00dcSTENKIND PODCAST ist online"},"content":{"rendered":"\n<div class=\"wp-block-media-text alignwide is-stacked-on-mobile has-primary-color has-tertiary-background-color has-text-color has-background is-style-default\" style=\"grid-template-columns:40% auto\"><figure class=\"wp-block-media-text__media\"><a href=\"https:\/\/podcast.kuesten-kind.de\/\"><img loading=\"lazy\" decoding=\"async\" width=\"1024\" height=\"1024\" src=\"https:\/\/kuesten-kind.de\/KK2024\/wp-content\/uploads\/2024\/01\/KKPC000-podcast-Trailer-1024x1024.jpg\" alt=\"\" class=\"wp-image-517 size-large\" srcset=\"https:\/\/kuesten-kind.de\/KK2024\/wp-content\/uploads\/2024\/01\/KKPC000-podcast-Trailer-1024x1024.jpg 1024w, https:\/\/kuesten-kind.de\/KK2024\/wp-content\/uploads\/2024\/01\/KKPC000-podcast-Trailer-300x300.jpg 300w, https:\/\/kuesten-kind.de\/KK2024\/wp-content\/uploads\/2024\/01\/KKPC000-podcast-Trailer-scaled-100x100.jpg 100w, https:\/\/kuesten-kind.de\/KK2024\/wp-content\/uploads\/2024\/01\/KKPC000-podcast-Trailer-scaled-600x600.jpg 600w, https:\/\/kuesten-kind.de\/KK2024\/wp-content\/uploads\/2024\/01\/KKPC000-podcast-Trailer-150x150.jpg 150w, https:\/\/kuesten-kind.de\/KK2024\/wp-content\/uploads\/2024\/01\/KKPC000-podcast-Trailer-768x768.jpg 768w, https:\/\/kuesten-kind.de\/KK2024\/wp-content\/uploads\/2024\/01\/KKPC000-podcast-Trailer-1536x1536.jpg 1536w, https:\/\/kuesten-kind.de\/KK2024\/wp-content\/uploads\/2024\/01\/KKPC000-podcast-Trailer-2048x2048.jpg 2048w\" sizes=\"auto, (max-width: 1024px) 100vw, 1024px\" \/><\/a><\/figure><div class=\"wp-block-media-text__content\">\n<h3 class=\"wp-block-heading\">Episode 0: Der Trailer zum Podcast<\/h3>\n\n\n\n<p class=\"has-small-font-size\">Da ist er endlich: der K\u00dcSTENKIND-Podcast!<\/p>\n\n\n\n<p>Warum es ihn gibt? Worum es geht? Was wir uns erhoffen? H\u00f6rt einfach rein, genau diese Fragen kl\u00e4ren wir im Trailer.<\/p>\n\n\n\n<p>Wir freuen uns auf Feedback von euch!<\/p>\n<\/div><\/div>\n\n\n\n<div style=\"height:30px\" aria-hidden=\"true\" class=\"wp-block-spacer\"><\/div>\n","protected":false},"excerpt":{"rendered":"<p>Episode 0: Der Trailer zum Podcast Da ist er endlich: der K\u00dcSTENKIND-Podcast! Warum es ihn gibt? Worum es geht? Was wir uns erhoffen? H\u00f6rt einfach rein, genau diese Fragen kl\u00e4ren wir im Trailer. Wir freuen uns auf Feedback von euch!<\/p>\n","protected":false},"author":1,"featured_media":522,"comment_status":"open","ping_status":"open","sticky":false,"template":"single-with-sidebar","format":"standard","meta":{"iawp_total_views":45,"_jetpack_memberships_contains_paid_content":false,"footnotes":""},"categories":[19],"tags":[20],"class_list":["post-224","post","type-post","status-publish","format-standard","has-post-thumbnail","hentry","category-podcast","tag-podcast"],"yoast_head":"<!-- This site is optimized with the Yoast SEO plugin v27.4 - https:\/\/yoast.com\/product\/yoast-seo-wordpress\/ -->\n<title>DER K\u00dcSTENKIND PODCAST ist online - K\u00dcSTENKIND<\/title>\n<meta name=\"robots\" content=\"index, follow, max-snippet:-1, max-image-preview:large, max-video-preview:-1\" \/>\n<link rel=\"canonical\" href=\"https:\/\/kuesten-kind.de\/KK2024\/224-2\/\" \/>\n<meta property=\"og:locale\" content=\"de_DE\" \/>\n<meta property=\"og:type\" content=\"article\" \/>\n<meta property=\"og:title\" content=\"DER K\u00dcSTENKIND PODCAST ist online - K\u00dcSTENKIND\" \/>\n<meta property=\"og:description\" content=\"Episode 0: Der Trailer zum Podcast Da ist er endlich: der K\u00dcSTENKIND-Podcast! Warum es ihn gibt? Worum es geht? Was wir uns erhoffen? H\u00f6rt einfach rein, genau diese Fragen kl\u00e4ren wir im Trailer. Wir freuen uns auf Feedback von euch!\" \/>\n<meta property=\"og:url\" content=\"https:\/\/kuesten-kind.de\/KK2024\/224-2\/\" \/>\n<meta property=\"og:site_name\" content=\"K\u00dcSTENKIND\" \/>\n<meta property=\"article:publisher\" content=\"https:\/\/www.facebook.com\/kuestenkind.eck\" \/>\n<meta property=\"article:published_time\" content=\"2024-01-14T16:00:37+00:00\" \/>\n<meta property=\"article:modified_time\" content=\"2024-01-14T16:03:14+00:00\" \/>\n<meta property=\"og:image\" content=\"https:\/\/kuesten-kind.de\/KK2024\/wp-content\/uploads\/2024\/01\/KKPC000-podcast-Trailer-1-scaled.jpg\" \/>\n\t<meta property=\"og:image:width\" content=\"2560\" \/>\n\t<meta property=\"og:image:height\" content=\"2560\" \/>\n\t<meta property=\"og:image:type\" content=\"image\/jpeg\" \/>\n<meta name=\"author\" content=\"hokalino\" \/>\n<meta name=\"twitter:card\" content=\"summary_large_image\" \/>\n<meta name=\"twitter:label1\" content=\"Verfasst von\" \/>\n\t<meta name=\"twitter:data1\" content=\"hokalino\" \/>\n\t<meta name=\"twitter:label2\" content=\"Gesch\u00e4tzte Lesezeit\" \/>\n\t<meta name=\"twitter:data2\" content=\"1\u00a0Minute\" \/>\n<script type=\"application\/ld+json\" class=\"yoast-schema-graph\">{\"@context\":\"https:\\\/\\\/schema.org\",\"@graph\":[{\"@type\":\"Article\",\"@id\":\"https:\\\/\\\/kuesten-kind.de\\\/KK2024\\\/224-2\\\/#article\",\"isPartOf\":{\"@id\":\"https:\\\/\\\/kuesten-kind.de\\\/KK2024\\\/224-2\\\/\"},\"author\":{\"name\":\"hokalino\",\"@id\":\"https:\\\/\\\/kuesten-kind.de\\\/KK2024\\\/#\\\/schema\\\/person\\\/44ff7e2f3748ba53ff3c4374fecb1594\"},\"headline\":\"DER K\u00dcSTENKIND PODCAST ist online\",\"datePublished\":\"2024-01-14T16:00:37+00:00\",\"dateModified\":\"2024-01-14T16:03:14+00:00\",\"mainEntityOfPage\":{\"@id\":\"https:\\\/\\\/kuesten-kind.de\\\/KK2024\\\/224-2\\\/\"},\"wordCount\":48,\"commentCount\":0,\"publisher\":{\"@id\":\"https:\\\/\\\/kuesten-kind.de\\\/KK2024\\\/#organization\"},\"image\":{\"@id\":\"https:\\\/\\\/kuesten-kind.de\\\/KK2024\\\/224-2\\\/#primaryimage\"},\"thumbnailUrl\":\"https:\\\/\\\/kuesten-kind.de\\\/KK2024\\\/wp-content\\\/uploads\\\/2024\\\/01\\\/KKPC000-podcast-Trailer-1-scaled.jpg\",\"keywords\":[\"podcast\"],\"articleSection\":[\"podcast\"],\"inLanguage\":\"de\",\"potentialAction\":[{\"@type\":\"CommentAction\",\"name\":\"Comment\",\"target\":[\"https:\\\/\\\/kuesten-kind.de\\\/KK2024\\\/224-2\\\/#respond\"]}]},{\"@type\":\"WebPage\",\"@id\":\"https:\\\/\\\/kuesten-kind.de\\\/KK2024\\\/224-2\\\/\",\"url\":\"https:\\\/\\\/kuesten-kind.de\\\/KK2024\\\/224-2\\\/\",\"name\":\"DER K\u00dcSTENKIND PODCAST ist online - K\u00dcSTENKIND\",\"isPartOf\":{\"@id\":\"https:\\\/\\\/kuesten-kind.de\\\/KK2024\\\/#website\"},\"primaryImageOfPage\":{\"@id\":\"https:\\\/\\\/kuesten-kind.de\\\/KK2024\\\/224-2\\\/#primaryimage\"},\"image\":{\"@id\":\"https:\\\/\\\/kuesten-kind.de\\\/KK2024\\\/224-2\\\/#primaryimage\"},\"thumbnailUrl\":\"https:\\\/\\\/kuesten-kind.de\\\/KK2024\\\/wp-content\\\/uploads\\\/2024\\\/01\\\/KKPC000-podcast-Trailer-1-scaled.jpg\",\"datePublished\":\"2024-01-14T16:00:37+00:00\",\"dateModified\":\"2024-01-14T16:03:14+00:00\",\"breadcrumb\":{\"@id\":\"https:\\\/\\\/kuesten-kind.de\\\/KK2024\\\/224-2\\\/#breadcrumb\"},\"inLanguage\":\"de\",\"potentialAction\":[{\"@type\":\"ReadAction\",\"target\":[\"https:\\\/\\\/kuesten-kind.de\\\/KK2024\\\/224-2\\\/\"]}]},{\"@type\":\"ImageObject\",\"inLanguage\":\"de\",\"@id\":\"https:\\\/\\\/kuesten-kind.de\\\/KK2024\\\/224-2\\\/#primaryimage\",\"url\":\"https:\\\/\\\/kuesten-kind.de\\\/KK2024\\\/wp-content\\\/uploads\\\/2024\\\/01\\\/KKPC000-podcast-Trailer-1-scaled.jpg\",\"contentUrl\":\"https:\\\/\\\/kuesten-kind.de\\\/KK2024\\\/wp-content\\\/uploads\\\/2024\\\/01\\\/KKPC000-podcast-Trailer-1-scaled.jpg\",\"width\":2560,\"height\":2560},{\"@type\":\"BreadcrumbList\",\"@id\":\"https:\\\/\\\/kuesten-kind.de\\\/KK2024\\\/224-2\\\/#breadcrumb\",\"itemListElement\":[{\"@type\":\"ListItem\",\"position\":1,\"name\":\"Startseite\",\"item\":\"https:\\\/\\\/kuesten-kind.de\\\/KK2024\\\/\"},{\"@type\":\"ListItem\",\"position\":2,\"name\":\"DER K\u00dcSTENKIND PODCAST ist online\"}]},{\"@type\":\"WebSite\",\"@id\":\"https:\\\/\\\/kuesten-kind.de\\\/KK2024\\\/#website\",\"url\":\"https:\\\/\\\/kuesten-kind.de\\\/KK2024\\\/\",\"name\":\"K\u00dcSTENKIND\",\"description\":\"nat\u00fcrlich - \u00f6kologisch - fair\",\"publisher\":{\"@id\":\"https:\\\/\\\/kuesten-kind.de\\\/KK2024\\\/#organization\"},\"potentialAction\":[{\"@type\":\"SearchAction\",\"target\":{\"@type\":\"EntryPoint\",\"urlTemplate\":\"https:\\\/\\\/kuesten-kind.de\\\/KK2024\\\/?s={search_term_string}\"},\"query-input\":{\"@type\":\"PropertyValueSpecification\",\"valueRequired\":true,\"valueName\":\"search_term_string\"}}],\"inLanguage\":\"de\"},{\"@type\":\"Organization\",\"@id\":\"https:\\\/\\\/kuesten-kind.de\\\/KK2024\\\/#organization\",\"name\":\"K\u00dcSTENKIND\",\"url\":\"https:\\\/\\\/kuesten-kind.de\\\/KK2024\\\/\",\"logo\":{\"@type\":\"ImageObject\",\"inLanguage\":\"de\",\"@id\":\"https:\\\/\\\/kuesten-kind.de\\\/KK2024\\\/#\\\/schema\\\/logo\\\/image\\\/\",\"url\":\"https:\\\/\\\/kuesten-kind.de\\\/KK2024\\\/wp-content\\\/uploads\\\/2024\\\/01\\\/KK_Logo_80x80.jpg\",\"contentUrl\":\"https:\\\/\\\/kuesten-kind.de\\\/KK2024\\\/wp-content\\\/uploads\\\/2024\\\/01\\\/KK_Logo_80x80.jpg\",\"width\":472,\"height\":472,\"caption\":\"K\u00dcSTENKIND\"},\"image\":{\"@id\":\"https:\\\/\\\/kuesten-kind.de\\\/KK2024\\\/#\\\/schema\\\/logo\\\/image\\\/\"},\"sameAs\":[\"https:\\\/\\\/www.facebook.com\\\/kuestenkind.eck\",\"https:\\\/\\\/www.instagram.com\\\/kuestenkind.eck\\\/\"]},{\"@type\":\"Person\",\"@id\":\"https:\\\/\\\/kuesten-kind.de\\\/KK2024\\\/#\\\/schema\\\/person\\\/44ff7e2f3748ba53ff3c4374fecb1594\",\"name\":\"hokalino\",\"image\":{\"@type\":\"ImageObject\",\"inLanguage\":\"de\",\"@id\":\"https:\\\/\\\/secure.gravatar.com\\\/avatar\\\/8b78bf1d09b4f8549018e5326b4b02a2c311be0657326f0dfe03da403f376406?s=96&d=mm&r=g\",\"url\":\"https:\\\/\\\/secure.gravatar.com\\\/avatar\\\/8b78bf1d09b4f8549018e5326b4b02a2c311be0657326f0dfe03da403f376406?s=96&d=mm&r=g\",\"contentUrl\":\"https:\\\/\\\/secure.gravatar.com\\\/avatar\\\/8b78bf1d09b4f8549018e5326b4b02a2c311be0657326f0dfe03da403f376406?s=96&d=mm&r=g\",\"caption\":\"hokalino\"},\"sameAs\":[\"https:\\\/\\\/kuesten-kind.de\\\/KK2024\"],\"url\":\"https:\\\/\\\/kuesten-kind.de\\\/KK2024\\\/author\\\/hokalino\\\/\"}]}<\/script>\n<!-- \/ Yoast SEO plugin. -->","yoast_head_json":{"title":"DER K\u00dcSTENKIND PODCAST ist online - K\u00dcSTENKIND","robots":{"index":"index","follow":"follow","max-snippet":"max-snippet:-1","max-image-preview":"max-image-preview:large","max-video-preview":"max-video-preview:-1"},"canonical":"https:\/\/kuesten-kind.de\/KK2024\/224-2\/","og_locale":"de_DE","og_type":"article","og_title":"DER K\u00dcSTENKIND PODCAST ist online - K\u00dcSTENKIND","og_description":"Episode 0: Der Trailer zum Podcast Da ist er endlich: der K\u00dcSTENKIND-Podcast! Warum es ihn gibt? Worum es geht? Was wir uns erhoffen? H\u00f6rt einfach rein, genau diese Fragen kl\u00e4ren wir im Trailer. Wir freuen uns auf Feedback von euch!","og_url":"https:\/\/kuesten-kind.de\/KK2024\/224-2\/","og_site_name":"K\u00dcSTENKIND","article_publisher":"https:\/\/www.facebook.com\/kuestenkind.eck","article_published_time":"2024-01-14T16:00:37+00:00","article_modified_time":"2024-01-14T16:03:14+00:00","og_image":[{"width":2560,"height":2560,"url":"https:\/\/kuesten-kind.de\/KK2024\/wp-content\/uploads\/2024\/01\/KKPC000-podcast-Trailer-1-scaled.jpg","type":"image\/jpeg"}],"author":"hokalino","twitter_card":"summary_large_image","twitter_misc":{"Verfasst von":"hokalino","Gesch\u00e4tzte Lesezeit":"1\u00a0Minute"},"schema":{"@context":"https:\/\/schema.org","@graph":[{"@type":"Article","@id":"https:\/\/kuesten-kind.de\/KK2024\/224-2\/#article","isPartOf":{"@id":"https:\/\/kuesten-kind.de\/KK2024\/224-2\/"},"author":{"name":"hokalino","@id":"https:\/\/kuesten-kind.de\/KK2024\/#\/schema\/person\/44ff7e2f3748ba53ff3c4374fecb1594"},"headline":"DER K\u00dcSTENKIND PODCAST ist online","datePublished":"2024-01-14T16:00:37+00:00","dateModified":"2024-01-14T16:03:14+00:00","mainEntityOfPage":{"@id":"https:\/\/kuesten-kind.de\/KK2024\/224-2\/"},"wordCount":48,"commentCount":0,"publisher":{"@id":"https:\/\/kuesten-kind.de\/KK2024\/#organization"},"image":{"@id":"https:\/\/kuesten-kind.de\/KK2024\/224-2\/#primaryimage"},"thumbnailUrl":"https:\/\/kuesten-kind.de\/KK2024\/wp-content\/uploads\/2024\/01\/KKPC000-podcast-Trailer-1-scaled.jpg","keywords":["podcast"],"articleSection":["podcast"],"inLanguage":"de","potentialAction":[{"@type":"CommentAction","name":"Comment","target":["https:\/\/kuesten-kind.de\/KK2024\/224-2\/#respond"]}]},{"@type":"WebPage","@id":"https:\/\/kuesten-kind.de\/KK2024\/224-2\/","url":"https:\/\/kuesten-kind.de\/KK2024\/224-2\/","name":"DER K\u00dcSTENKIND PODCAST ist online - K\u00dcSTENKIND","isPartOf":{"@id":"https:\/\/kuesten-kind.de\/KK2024\/#website"},"primaryImageOfPage":{"@id":"https:\/\/kuesten-kind.de\/KK2024\/224-2\/#primaryimage"},"image":{"@id":"https:\/\/kuesten-kind.de\/KK2024\/224-2\/#primaryimage"},"thumbnailUrl":"https:\/\/kuesten-kind.de\/KK2024\/wp-content\/uploads\/2024\/01\/KKPC000-podcast-Trailer-1-scaled.jpg","datePublished":"2024-01-14T16:00:37+00:00","dateModified":"2024-01-14T16:03:14+00:00","breadcrumb":{"@id":"https:\/\/kuesten-kind.de\/KK2024\/224-2\/#breadcrumb"},"inLanguage":"de","potentialAction":[{"@type":"ReadAction","target":["https:\/\/kuesten-kind.de\/KK2024\/224-2\/"]}]},{"@type":"ImageObject","inLanguage":"de","@id":"https:\/\/kuesten-kind.de\/KK2024\/224-2\/#primaryimage","url":"https:\/\/kuesten-kind.de\/KK2024\/wp-content\/uploads\/2024\/01\/KKPC000-podcast-Trailer-1-scaled.jpg","contentUrl":"https:\/\/kuesten-kind.de\/KK2024\/wp-content\/uploads\/2024\/01\/KKPC000-podcast-Trailer-1-scaled.jpg","width":2560,"height":2560},{"@type":"BreadcrumbList","@id":"https:\/\/kuesten-kind.de\/KK2024\/224-2\/#breadcrumb","itemListElement":[{"@type":"ListItem","position":1,"name":"Startseite","item":"https:\/\/kuesten-kind.de\/KK2024\/"},{"@type":"ListItem","position":2,"name":"DER K\u00dcSTENKIND PODCAST ist online"}]},{"@type":"WebSite","@id":"https:\/\/kuesten-kind.de\/KK2024\/#website","url":"https:\/\/kuesten-kind.de\/KK2024\/","name":"K\u00dcSTENKIND","description":"nat\u00fcrlich - \u00f6kologisch - fair","publisher":{"@id":"https:\/\/kuesten-kind.de\/KK2024\/#organization"},"potentialAction":[{"@type":"SearchAction","target":{"@type":"EntryPoint","urlTemplate":"https:\/\/kuesten-kind.de\/KK2024\/?s={search_term_string}"},"query-input":{"@type":"PropertyValueSpecification","valueRequired":true,"valueName":"search_term_string"}}],"inLanguage":"de"},{"@type":"Organization","@id":"https:\/\/kuesten-kind.de\/KK2024\/#organization","name":"K\u00dcSTENKIND","url":"https:\/\/kuesten-kind.de\/KK2024\/","logo":{"@type":"ImageObject","inLanguage":"de","@id":"https:\/\/kuesten-kind.de\/KK2024\/#\/schema\/logo\/image\/","url":"https:\/\/kuesten-kind.de\/KK2024\/wp-content\/uploads\/2024\/01\/KK_Logo_80x80.jpg","contentUrl":"https:\/\/kuesten-kind.de\/KK2024\/wp-content\/uploads\/2024\/01\/KK_Logo_80x80.jpg","width":472,"height":472,"caption":"K\u00dcSTENKIND"},"image":{"@id":"https:\/\/kuesten-kind.de\/KK2024\/#\/schema\/logo\/image\/"},"sameAs":["https:\/\/www.facebook.com\/kuestenkind.eck","https:\/\/www.instagram.com\/kuestenkind.eck\/"]},{"@type":"Person","@id":"https:\/\/kuesten-kind.de\/KK2024\/#\/schema\/person\/44ff7e2f3748ba53ff3c4374fecb1594","name":"hokalino","image":{"@type":"ImageObject","inLanguage":"de","@id":"https:\/\/secure.gravatar.com\/avatar\/8b78bf1d09b4f8549018e5326b4b02a2c311be0657326f0dfe03da403f376406?s=96&d=mm&r=g","url":"https:\/\/secure.gravatar.com\/avatar\/8b78bf1d09b4f8549018e5326b4b02a2c311be0657326f0dfe03da403f376406?s=96&d=mm&r=g","contentUrl":"https:\/\/secure.gravatar.com\/avatar\/8b78bf1d09b4f8549018e5326b4b02a2c311be0657326f0dfe03da403f376406?s=96&d=mm&r=g","caption":"hokalino"},"sameAs":["https:\/\/kuesten-kind.de\/KK2024"],"url":"https:\/\/kuesten-kind.de\/KK2024\/author\/hokalino\/"}]}},"jetpack_featured_media_url":"https:\/\/kuesten-kind.de\/KK2024\/wp-content\/uploads\/2024\/01\/KKPC000-podcast-Trailer-1-scaled.jpg","jetpack_sharing_enabled":true,"_links":{"self":[{"href":"https:\/\/kuesten-kind.de\/KK2024\/wp-json\/wp\/v2\/posts\/224","targetHints":{"allow":["GET"]}}],"collection":[{"href":"https:\/\/kuesten-kind.de\/KK2024\/wp-json\/wp\/v2\/posts"}],"about":[{"href":"https:\/\/kuesten-kind.de\/KK2024\/wp-json\/wp\/v2\/types\/post"}],"author":[{"embeddable":true,"href":"https:\/\/kuesten-kind.de\/KK2024\/wp-json\/wp\/v2\/users\/1"}],"replies":[{"embeddable":true,"href":"https:\/\/kuesten-kind.de\/KK2024\/wp-json\/wp\/v2\/comments?post=224"}],"version-history":[{"count":4,"href":"https:\/\/kuesten-kind.de\/KK2024\/wp-json\/wp\/v2\/posts\/224\/revisions"}],"predecessor-version":[{"id":520,"href":"https:\/\/kuesten-kind.de\/KK2024\/wp-json\/wp\/v2\/posts\/224\/revisions\/520"}],"wp:featuredmedia":[{"embeddable":true,"href":"https:\/\/kuesten-kind.de\/KK2024\/wp-json\/wp\/v2\/media\/522"}],"wp:attachment":[{"href":"https:\/\/kuesten-kind.de\/KK2024\/wp-json\/wp\/v2\/media?parent=224"}],"wp:term":[{"taxonomy":"category","embeddable":true,"href":"https:\/\/kuesten-kind.de\/KK2024\/wp-json\/wp\/v2\/categories?post=224"},{"taxonomy":"post_tag","embeddable":true,"href":"https:\/\/kuesten-kind.de\/KK2024\/wp-json\/wp\/v2\/tags?post=224"}],"curies":[{"name":"wp","href":"https:\/\/api.w.org\/{rel}","templated":true}]}}