{"id":589,"date":"2024-01-21T20:08:40","date_gmt":"2024-01-21T19:08:40","guid":{"rendered":"https:\/\/kuesten-kind.de\/KK2024\/?p=589"},"modified":"2024-01-21T20:08:41","modified_gmt":"2024-01-21T19:08:41","slug":"kkpc002-ist-online-aus-gegebenen-anlass","status":"publish","type":"post","link":"https:\/\/kuesten-kind.de\/KK2024\/kkpc002-ist-online-aus-gegebenen-anlass\/","title":{"rendered":"KKPC002 ist online &#8211; aus gegebenen Anlass&#8230;"},"content":{"rendered":"\n<p>Besondere Zeiten erfordern besondere Ma\u00dfnahmen Es gibt Dinge, die betreffen uns alle. Und bei manchen von diesen Dingen ist es wichtig, Position zu beziehen. Zu Zeigen, wof\u00fcr man steht. Und andere zu ermutigen, das Gleiche zu tun.<\/p>\n\n\n\n<p>Es ist irgendwie erstaunlich, aber wenn dich ein Thema besch\u00e4ftigt dauert es gar nicht lange und du bemerkst, dass du nicht der einzige bist.<\/p>\n\n\n\n<blockquote class=\"wp-block-quote is-layout-flow wp-block-quote-is-layout-flow\">\n<p>Ein Netzwerk vieler H\u00e4ndler_Innen, die sich klar gegen Rassismus und Diskriminierung und f\u00fcr die Demokratie positionieren<br><\/p>\n<\/blockquote>\n\n\n\n<h3 class=\"wp-block-heading\">Wir sind Teil des Hafenquartiers<\/h3>\n\n\n\n<p>Das Hafenquartier ist ein Zusammenschluss einiger inhabergef\u00fchrter Gesch\u00e4fte in der Frau-Clara-Str. und dem Ochsenkopf und umzu. Wir treffen uns regelm\u00e4\u00dfig, tauschen uns aus und planen gemeinsame Aktionen.<\/p>\n\n\n\n<p>Und wir als Teil des Hafenquartiers haben die Idee den anderen Gesch\u00e4ften vorgestellt. In aller K\u00fcrze, einfach mit dem Hinweis: wer hat Lust, mitzumachen?<\/p>\n\n\n\n<p>Und das, was sich in den n\u00e4chsten 24 Stunden daraus ergab, war einfach riesig.<\/p>\n\n\n\n<p>Nicht nur Gesch\u00e4fte aus dem Hafenquartier, auch andere Eckernf\u00f6rder Gesch\u00e4fte, die auf die Aktion aufmerksam geworden waren, meldeten sich und wollten sofort mitmachen.<\/p>\n\n\n\n<p>Und damit nicht genug:<br>Aus ganz unterschiedlichen Richtungen erhielten wir R\u00fcckmeldungen, Unterst\u00fctzungen und Kooperationsangebote.<\/p>\n\n\n\n<p>Denn: es gibt in Eckernf\u00f6rde eine ganze Reihe von Menschen, Gruppen und Institutionen, denen die Wichtigkeit von Demokratie und die unmissverst\u00e4ndliche Ablehnung von Rassismus und Diskriminierung unter den N\u00e4geln brennt\u2026.<\/p>\n\n\n\n<blockquote class=\"wp-block-quote is-layout-flow wp-block-quote-is-layout-flow\">\n<p>Und es sind ganz unterschiedliche Dinge in Planung, um diesen Werten Raum zu geben.<\/p>\n<\/blockquote>\n\n\n\n<p>Ich kann und will noch nichts Spoilern, nur so viel:<\/p>\n\n\n\n<p><strong>Es wird kurzfristig M\u00f6glichkeiten f\u00fcr jeden einzelnen geben, sich zu engagieren, sich einzubringen und zu zeigen, dass die freiheitlich demokratische Grundordnung und alles, was sich daraus ergibt, nicht verhandelbar ist.<\/strong><\/p>\n\n\n\n<p><strong>Also: halte dich informiert &#8211; und positionier dich f\u00fcr Demokratie und gegen Rassismus und Diskriminierung<\/strong><\/p>\n\n\n\n<h3 class=\"wp-block-heading\">Was kannst du jetzt schon tun?<br><\/h3>\n\n\n\n<p>2024 scheint das Jahr des Handelns zu sein. Unterst\u00fctze gerne diese Aktion, indem du Beitr\u00e4ge, Posts usw. teilst und die Hashtags #handelngegenrassismus und #handelnfuerdemokratie benutzt.<br><\/p>\n\n\n\n<p>Und achte auf Bekanntmachungen zu anstehenden Veranstaltungen.<br><\/p>\n\n\n\n<p>Gemeinsam schaffen wir das, denn es ist die Mehrheit, die Demokratie richtig gut findet und keine Kompromisse bei den Grundprinzipien der Achtung der Menschenw\u00fcrde eingehen wollen.<br><\/p>\n\n\n\n<p>Ein Hinweis noch in eigener Sache:<br>Bei der Planung des neuen K\u00fcstenkind-Podcasts und des neuen K\u00fcstenkind-Blogs haben wir nicht erwartet, dass es nach so kurzer Zeit in eine solche Richtung l\u00e4uft.<br>Aber die Dinge sind einfach zu wichtig, als dass wir dazu schweigen k\u00f6nnen.<br><\/p>\n\n\n\n<p>Wenn du willst, nimm gerne zu uns Kontakt auf.<br><\/p>\n\n\n\n<p>Entweder \u00fcber Facebook oder Instagram, dort sind wir unter kuestenkin.eck zu finden.<br><\/p>\n\n\n\n<p>Oder du schreibst ein e-mail an podcast@kuesten-kind.de<br><\/p>\n\n\n\n<p>Im Blog kannst du auch direkt unter diesem Artikel Kommentare hinterlassen.<br><\/p>\n\n\n\n<p>Und nat\u00fcrlich kannst du auch immer im K\u00fcstenkind vorbei kommen.<\/p>\n\n\n\n<p><\/p>\n","protected":false},"excerpt":{"rendered":"<p>Besondere Zeiten erfordern besondere Ma\u00dfnahmen Es gibt Dinge, die betreffen uns alle. Und bei manchen von diesen Dingen ist es wichtig, Position zu beziehen. Zu Zeigen, wof\u00fcr man steht. Und andere zu ermutigen, das Gleiche zu tun. Es ist irgendwie erstaunlich, aber wenn dich ein Thema besch\u00e4ftigt dauert es gar nicht lange und du bemerkst, [&hellip;]<\/p>\n","protected":false},"author":1,"featured_media":590,"comment_status":"open","ping_status":"open","sticky":false,"template":"","format":"standard","meta":{"iawp_total_views":28,"_jetpack_memberships_contains_paid_content":false,"footnotes":""},"categories":[17,19],"tags":[21,20],"class_list":["post-589","post","type-post","status-publish","format-standard","has-post-thumbnail","hentry","category-allgemein","category-podcast","tag-handelnfuerdemokratie","tag-podcast"],"yoast_head":"<!-- This site is optimized with the Yoast SEO plugin v27.4 - https:\/\/yoast.com\/product\/yoast-seo-wordpress\/ -->\n<title>KKPC002 ist online - aus gegebenen Anlass... - K\u00dcSTENKIND<\/title>\n<meta name=\"robots\" content=\"index, follow, max-snippet:-1, max-image-preview:large, max-video-preview:-1\" \/>\n<link rel=\"canonical\" href=\"https:\/\/kuesten-kind.de\/KK2024\/kkpc002-ist-online-aus-gegebenen-anlass\/\" \/>\n<meta property=\"og:locale\" content=\"de_DE\" \/>\n<meta property=\"og:type\" content=\"article\" \/>\n<meta property=\"og:title\" content=\"KKPC002 ist online - aus gegebenen Anlass... - K\u00dcSTENKIND\" \/>\n<meta property=\"og:description\" content=\"Besondere Zeiten erfordern besondere Ma\u00dfnahmen Es gibt Dinge, die betreffen uns alle. Und bei manchen von diesen Dingen ist es wichtig, Position zu beziehen. Zu Zeigen, wof\u00fcr man steht. Und andere zu ermutigen, das Gleiche zu tun. Es ist irgendwie erstaunlich, aber wenn dich ein Thema besch\u00e4ftigt dauert es gar nicht lange und du bemerkst, [&hellip;]\" \/>\n<meta property=\"og:url\" content=\"https:\/\/kuesten-kind.de\/KK2024\/kkpc002-ist-online-aus-gegebenen-anlass\/\" \/>\n<meta property=\"og:site_name\" content=\"K\u00dcSTENKIND\" \/>\n<meta property=\"article:publisher\" content=\"https:\/\/www.facebook.com\/kuestenkind.eck\" \/>\n<meta property=\"article:published_time\" content=\"2024-01-21T19:08:40+00:00\" \/>\n<meta property=\"article:modified_time\" content=\"2024-01-21T19:08:41+00:00\" \/>\n<meta property=\"og:image\" content=\"https:\/\/kuesten-kind.de\/KK2024\/wp-content\/uploads\/2024\/01\/KKPC0002-handelnfuerdemokratie-scaled.jpg\" \/>\n\t<meta property=\"og:image:width\" content=\"2560\" \/>\n\t<meta property=\"og:image:height\" content=\"2560\" \/>\n\t<meta property=\"og:image:type\" content=\"image\/jpeg\" \/>\n<meta name=\"author\" content=\"hokalino\" \/>\n<meta name=\"twitter:card\" content=\"summary_large_image\" \/>\n<meta name=\"twitter:label1\" content=\"Verfasst von\" \/>\n\t<meta name=\"twitter:data1\" content=\"hokalino\" \/>\n\t<meta name=\"twitter:label2\" content=\"Gesch\u00e4tzte Lesezeit\" \/>\n\t<meta name=\"twitter:data2\" content=\"3\u00a0Minuten\" \/>\n<script type=\"application\/ld+json\" class=\"yoast-schema-graph\">{\"@context\":\"https:\\\/\\\/schema.org\",\"@graph\":[{\"@type\":\"Article\",\"@id\":\"https:\\\/\\\/kuesten-kind.de\\\/KK2024\\\/kkpc002-ist-online-aus-gegebenen-anlass\\\/#article\",\"isPartOf\":{\"@id\":\"https:\\\/\\\/kuesten-kind.de\\\/KK2024\\\/kkpc002-ist-online-aus-gegebenen-anlass\\\/\"},\"author\":{\"name\":\"hokalino\",\"@id\":\"https:\\\/\\\/kuesten-kind.de\\\/KK2024\\\/#\\\/schema\\\/person\\\/44ff7e2f3748ba53ff3c4374fecb1594\"},\"headline\":\"KKPC002 ist online &#8211; aus gegebenen Anlass&#8230;\",\"datePublished\":\"2024-01-21T19:08:40+00:00\",\"dateModified\":\"2024-01-21T19:08:41+00:00\",\"mainEntityOfPage\":{\"@id\":\"https:\\\/\\\/kuesten-kind.de\\\/KK2024\\\/kkpc002-ist-online-aus-gegebenen-anlass\\\/\"},\"wordCount\":480,\"commentCount\":0,\"publisher\":{\"@id\":\"https:\\\/\\\/kuesten-kind.de\\\/KK2024\\\/#organization\"},\"image\":{\"@id\":\"https:\\\/\\\/kuesten-kind.de\\\/KK2024\\\/kkpc002-ist-online-aus-gegebenen-anlass\\\/#primaryimage\"},\"thumbnailUrl\":\"https:\\\/\\\/kuesten-kind.de\\\/KK2024\\\/wp-content\\\/uploads\\\/2024\\\/01\\\/KKPC0002-handelnfuerdemokratie-scaled.jpg\",\"keywords\":[\"handelnfuerdemokratie\",\"podcast\"],\"articleSection\":[\"allgemein\",\"podcast\"],\"inLanguage\":\"de\",\"potentialAction\":[{\"@type\":\"CommentAction\",\"name\":\"Comment\",\"target\":[\"https:\\\/\\\/kuesten-kind.de\\\/KK2024\\\/kkpc002-ist-online-aus-gegebenen-anlass\\\/#respond\"]}]},{\"@type\":\"WebPage\",\"@id\":\"https:\\\/\\\/kuesten-kind.de\\\/KK2024\\\/kkpc002-ist-online-aus-gegebenen-anlass\\\/\",\"url\":\"https:\\\/\\\/kuesten-kind.de\\\/KK2024\\\/kkpc002-ist-online-aus-gegebenen-anlass\\\/\",\"name\":\"KKPC002 ist online - aus gegebenen Anlass... - K\u00dcSTENKIND\",\"isPartOf\":{\"@id\":\"https:\\\/\\\/kuesten-kind.de\\\/KK2024\\\/#website\"},\"primaryImageOfPage\":{\"@id\":\"https:\\\/\\\/kuesten-kind.de\\\/KK2024\\\/kkpc002-ist-online-aus-gegebenen-anlass\\\/#primaryimage\"},\"image\":{\"@id\":\"https:\\\/\\\/kuesten-kind.de\\\/KK2024\\\/kkpc002-ist-online-aus-gegebenen-anlass\\\/#primaryimage\"},\"thumbnailUrl\":\"https:\\\/\\\/kuesten-kind.de\\\/KK2024\\\/wp-content\\\/uploads\\\/2024\\\/01\\\/KKPC0002-handelnfuerdemokratie-scaled.jpg\",\"datePublished\":\"2024-01-21T19:08:40+00:00\",\"dateModified\":\"2024-01-21T19:08:41+00:00\",\"breadcrumb\":{\"@id\":\"https:\\\/\\\/kuesten-kind.de\\\/KK2024\\\/kkpc002-ist-online-aus-gegebenen-anlass\\\/#breadcrumb\"},\"inLanguage\":\"de\",\"potentialAction\":[{\"@type\":\"ReadAction\",\"target\":[\"https:\\\/\\\/kuesten-kind.de\\\/KK2024\\\/kkpc002-ist-online-aus-gegebenen-anlass\\\/\"]}]},{\"@type\":\"ImageObject\",\"inLanguage\":\"de\",\"@id\":\"https:\\\/\\\/kuesten-kind.de\\\/KK2024\\\/kkpc002-ist-online-aus-gegebenen-anlass\\\/#primaryimage\",\"url\":\"https:\\\/\\\/kuesten-kind.de\\\/KK2024\\\/wp-content\\\/uploads\\\/2024\\\/01\\\/KKPC0002-handelnfuerdemokratie-scaled.jpg\",\"contentUrl\":\"https:\\\/\\\/kuesten-kind.de\\\/KK2024\\\/wp-content\\\/uploads\\\/2024\\\/01\\\/KKPC0002-handelnfuerdemokratie-scaled.jpg\",\"width\":2560,\"height\":2560},{\"@type\":\"BreadcrumbList\",\"@id\":\"https:\\\/\\\/kuesten-kind.de\\\/KK2024\\\/kkpc002-ist-online-aus-gegebenen-anlass\\\/#breadcrumb\",\"itemListElement\":[{\"@type\":\"ListItem\",\"position\":1,\"name\":\"Startseite\",\"item\":\"https:\\\/\\\/kuesten-kind.de\\\/KK2024\\\/\"},{\"@type\":\"ListItem\",\"position\":2,\"name\":\"KKPC002 ist online &#8211; aus gegebenen Anlass&#8230;\"}]},{\"@type\":\"WebSite\",\"@id\":\"https:\\\/\\\/kuesten-kind.de\\\/KK2024\\\/#website\",\"url\":\"https:\\\/\\\/kuesten-kind.de\\\/KK2024\\\/\",\"name\":\"K\u00dcSTENKIND\",\"description\":\"nat\u00fcrlich - \u00f6kologisch - fair\",\"publisher\":{\"@id\":\"https:\\\/\\\/kuesten-kind.de\\\/KK2024\\\/#organization\"},\"potentialAction\":[{\"@type\":\"SearchAction\",\"target\":{\"@type\":\"EntryPoint\",\"urlTemplate\":\"https:\\\/\\\/kuesten-kind.de\\\/KK2024\\\/?s={search_term_string}\"},\"query-input\":{\"@type\":\"PropertyValueSpecification\",\"valueRequired\":true,\"valueName\":\"search_term_string\"}}],\"inLanguage\":\"de\"},{\"@type\":\"Organization\",\"@id\":\"https:\\\/\\\/kuesten-kind.de\\\/KK2024\\\/#organization\",\"name\":\"K\u00dcSTENKIND\",\"url\":\"https:\\\/\\\/kuesten-kind.de\\\/KK2024\\\/\",\"logo\":{\"@type\":\"ImageObject\",\"inLanguage\":\"de\",\"@id\":\"https:\\\/\\\/kuesten-kind.de\\\/KK2024\\\/#\\\/schema\\\/logo\\\/image\\\/\",\"url\":\"https:\\\/\\\/kuesten-kind.de\\\/KK2024\\\/wp-content\\\/uploads\\\/2024\\\/01\\\/KK_Logo_80x80.jpg\",\"contentUrl\":\"https:\\\/\\\/kuesten-kind.de\\\/KK2024\\\/wp-content\\\/uploads\\\/2024\\\/01\\\/KK_Logo_80x80.jpg\",\"width\":472,\"height\":472,\"caption\":\"K\u00dcSTENKIND\"},\"image\":{\"@id\":\"https:\\\/\\\/kuesten-kind.de\\\/KK2024\\\/#\\\/schema\\\/logo\\\/image\\\/\"},\"sameAs\":[\"https:\\\/\\\/www.facebook.com\\\/kuestenkind.eck\",\"https:\\\/\\\/www.instagram.com\\\/kuestenkind.eck\\\/\"]},{\"@type\":\"Person\",\"@id\":\"https:\\\/\\\/kuesten-kind.de\\\/KK2024\\\/#\\\/schema\\\/person\\\/44ff7e2f3748ba53ff3c4374fecb1594\",\"name\":\"hokalino\",\"image\":{\"@type\":\"ImageObject\",\"inLanguage\":\"de\",\"@id\":\"https:\\\/\\\/secure.gravatar.com\\\/avatar\\\/8b78bf1d09b4f8549018e5326b4b02a2c311be0657326f0dfe03da403f376406?s=96&d=mm&r=g\",\"url\":\"https:\\\/\\\/secure.gravatar.com\\\/avatar\\\/8b78bf1d09b4f8549018e5326b4b02a2c311be0657326f0dfe03da403f376406?s=96&d=mm&r=g\",\"contentUrl\":\"https:\\\/\\\/secure.gravatar.com\\\/avatar\\\/8b78bf1d09b4f8549018e5326b4b02a2c311be0657326f0dfe03da403f376406?s=96&d=mm&r=g\",\"caption\":\"hokalino\"},\"sameAs\":[\"https:\\\/\\\/kuesten-kind.de\\\/KK2024\"],\"url\":\"https:\\\/\\\/kuesten-kind.de\\\/KK2024\\\/author\\\/hokalino\\\/\"}]}<\/script>\n<!-- \/ Yoast SEO plugin. -->","yoast_head_json":{"title":"KKPC002 ist online - aus gegebenen Anlass... - K\u00dcSTENKIND","robots":{"index":"index","follow":"follow","max-snippet":"max-snippet:-1","max-image-preview":"max-image-preview:large","max-video-preview":"max-video-preview:-1"},"canonical":"https:\/\/kuesten-kind.de\/KK2024\/kkpc002-ist-online-aus-gegebenen-anlass\/","og_locale":"de_DE","og_type":"article","og_title":"KKPC002 ist online - aus gegebenen Anlass... - K\u00dcSTENKIND","og_description":"Besondere Zeiten erfordern besondere Ma\u00dfnahmen Es gibt Dinge, die betreffen uns alle. Und bei manchen von diesen Dingen ist es wichtig, Position zu beziehen. Zu Zeigen, wof\u00fcr man steht. Und andere zu ermutigen, das Gleiche zu tun. Es ist irgendwie erstaunlich, aber wenn dich ein Thema besch\u00e4ftigt dauert es gar nicht lange und du bemerkst, [&hellip;]","og_url":"https:\/\/kuesten-kind.de\/KK2024\/kkpc002-ist-online-aus-gegebenen-anlass\/","og_site_name":"K\u00dcSTENKIND","article_publisher":"https:\/\/www.facebook.com\/kuestenkind.eck","article_published_time":"2024-01-21T19:08:40+00:00","article_modified_time":"2024-01-21T19:08:41+00:00","og_image":[{"width":2560,"height":2560,"url":"https:\/\/kuesten-kind.de\/KK2024\/wp-content\/uploads\/2024\/01\/KKPC0002-handelnfuerdemokratie-scaled.jpg","type":"image\/jpeg"}],"author":"hokalino","twitter_card":"summary_large_image","twitter_misc":{"Verfasst von":"hokalino","Gesch\u00e4tzte Lesezeit":"3\u00a0Minuten"},"schema":{"@context":"https:\/\/schema.org","@graph":[{"@type":"Article","@id":"https:\/\/kuesten-kind.de\/KK2024\/kkpc002-ist-online-aus-gegebenen-anlass\/#article","isPartOf":{"@id":"https:\/\/kuesten-kind.de\/KK2024\/kkpc002-ist-online-aus-gegebenen-anlass\/"},"author":{"name":"hokalino","@id":"https:\/\/kuesten-kind.de\/KK2024\/#\/schema\/person\/44ff7e2f3748ba53ff3c4374fecb1594"},"headline":"KKPC002 ist online &#8211; aus gegebenen Anlass&#8230;","datePublished":"2024-01-21T19:08:40+00:00","dateModified":"2024-01-21T19:08:41+00:00","mainEntityOfPage":{"@id":"https:\/\/kuesten-kind.de\/KK2024\/kkpc002-ist-online-aus-gegebenen-anlass\/"},"wordCount":480,"commentCount":0,"publisher":{"@id":"https:\/\/kuesten-kind.de\/KK2024\/#organization"},"image":{"@id":"https:\/\/kuesten-kind.de\/KK2024\/kkpc002-ist-online-aus-gegebenen-anlass\/#primaryimage"},"thumbnailUrl":"https:\/\/kuesten-kind.de\/KK2024\/wp-content\/uploads\/2024\/01\/KKPC0002-handelnfuerdemokratie-scaled.jpg","keywords":["handelnfuerdemokratie","podcast"],"articleSection":["allgemein","podcast"],"inLanguage":"de","potentialAction":[{"@type":"CommentAction","name":"Comment","target":["https:\/\/kuesten-kind.de\/KK2024\/kkpc002-ist-online-aus-gegebenen-anlass\/#respond"]}]},{"@type":"WebPage","@id":"https:\/\/kuesten-kind.de\/KK2024\/kkpc002-ist-online-aus-gegebenen-anlass\/","url":"https:\/\/kuesten-kind.de\/KK2024\/kkpc002-ist-online-aus-gegebenen-anlass\/","name":"KKPC002 ist online - aus gegebenen Anlass... - K\u00dcSTENKIND","isPartOf":{"@id":"https:\/\/kuesten-kind.de\/KK2024\/#website"},"primaryImageOfPage":{"@id":"https:\/\/kuesten-kind.de\/KK2024\/kkpc002-ist-online-aus-gegebenen-anlass\/#primaryimage"},"image":{"@id":"https:\/\/kuesten-kind.de\/KK2024\/kkpc002-ist-online-aus-gegebenen-anlass\/#primaryimage"},"thumbnailUrl":"https:\/\/kuesten-kind.de\/KK2024\/wp-content\/uploads\/2024\/01\/KKPC0002-handelnfuerdemokratie-scaled.jpg","datePublished":"2024-01-21T19:08:40+00:00","dateModified":"2024-01-21T19:08:41+00:00","breadcrumb":{"@id":"https:\/\/kuesten-kind.de\/KK2024\/kkpc002-ist-online-aus-gegebenen-anlass\/#breadcrumb"},"inLanguage":"de","potentialAction":[{"@type":"ReadAction","target":["https:\/\/kuesten-kind.de\/KK2024\/kkpc002-ist-online-aus-gegebenen-anlass\/"]}]},{"@type":"ImageObject","inLanguage":"de","@id":"https:\/\/kuesten-kind.de\/KK2024\/kkpc002-ist-online-aus-gegebenen-anlass\/#primaryimage","url":"https:\/\/kuesten-kind.de\/KK2024\/wp-content\/uploads\/2024\/01\/KKPC0002-handelnfuerdemokratie-scaled.jpg","contentUrl":"https:\/\/kuesten-kind.de\/KK2024\/wp-content\/uploads\/2024\/01\/KKPC0002-handelnfuerdemokratie-scaled.jpg","width":2560,"height":2560},{"@type":"BreadcrumbList","@id":"https:\/\/kuesten-kind.de\/KK2024\/kkpc002-ist-online-aus-gegebenen-anlass\/#breadcrumb","itemListElement":[{"@type":"ListItem","position":1,"name":"Startseite","item":"https:\/\/kuesten-kind.de\/KK2024\/"},{"@type":"ListItem","position":2,"name":"KKPC002 ist online &#8211; aus gegebenen Anlass&#8230;"}]},{"@type":"WebSite","@id":"https:\/\/kuesten-kind.de\/KK2024\/#website","url":"https:\/\/kuesten-kind.de\/KK2024\/","name":"K\u00dcSTENKIND","description":"nat\u00fcrlich - \u00f6kologisch - fair","publisher":{"@id":"https:\/\/kuesten-kind.de\/KK2024\/#organization"},"potentialAction":[{"@type":"SearchAction","target":{"@type":"EntryPoint","urlTemplate":"https:\/\/kuesten-kind.de\/KK2024\/?s={search_term_string}"},"query-input":{"@type":"PropertyValueSpecification","valueRequired":true,"valueName":"search_term_string"}}],"inLanguage":"de"},{"@type":"Organization","@id":"https:\/\/kuesten-kind.de\/KK2024\/#organization","name":"K\u00dcSTENKIND","url":"https:\/\/kuesten-kind.de\/KK2024\/","logo":{"@type":"ImageObject","inLanguage":"de","@id":"https:\/\/kuesten-kind.de\/KK2024\/#\/schema\/logo\/image\/","url":"https:\/\/kuesten-kind.de\/KK2024\/wp-content\/uploads\/2024\/01\/KK_Logo_80x80.jpg","contentUrl":"https:\/\/kuesten-kind.de\/KK2024\/wp-content\/uploads\/2024\/01\/KK_Logo_80x80.jpg","width":472,"height":472,"caption":"K\u00dcSTENKIND"},"image":{"@id":"https:\/\/kuesten-kind.de\/KK2024\/#\/schema\/logo\/image\/"},"sameAs":["https:\/\/www.facebook.com\/kuestenkind.eck","https:\/\/www.instagram.com\/kuestenkind.eck\/"]},{"@type":"Person","@id":"https:\/\/kuesten-kind.de\/KK2024\/#\/schema\/person\/44ff7e2f3748ba53ff3c4374fecb1594","name":"hokalino","image":{"@type":"ImageObject","inLanguage":"de","@id":"https:\/\/secure.gravatar.com\/avatar\/8b78bf1d09b4f8549018e5326b4b02a2c311be0657326f0dfe03da403f376406?s=96&d=mm&r=g","url":"https:\/\/secure.gravatar.com\/avatar\/8b78bf1d09b4f8549018e5326b4b02a2c311be0657326f0dfe03da403f376406?s=96&d=mm&r=g","contentUrl":"https:\/\/secure.gravatar.com\/avatar\/8b78bf1d09b4f8549018e5326b4b02a2c311be0657326f0dfe03da403f376406?s=96&d=mm&r=g","caption":"hokalino"},"sameAs":["https:\/\/kuesten-kind.de\/KK2024"],"url":"https:\/\/kuesten-kind.de\/KK2024\/author\/hokalino\/"}]}},"jetpack_featured_media_url":"https:\/\/kuesten-kind.de\/KK2024\/wp-content\/uploads\/2024\/01\/KKPC0002-handelnfuerdemokratie-scaled.jpg","jetpack_sharing_enabled":true,"_links":{"self":[{"href":"https:\/\/kuesten-kind.de\/KK2024\/wp-json\/wp\/v2\/posts\/589","targetHints":{"allow":["GET"]}}],"collection":[{"href":"https:\/\/kuesten-kind.de\/KK2024\/wp-json\/wp\/v2\/posts"}],"about":[{"href":"https:\/\/kuesten-kind.de\/KK2024\/wp-json\/wp\/v2\/types\/post"}],"author":[{"embeddable":true,"href":"https:\/\/kuesten-kind.de\/KK2024\/wp-json\/wp\/v2\/users\/1"}],"replies":[{"embeddable":true,"href":"https:\/\/kuesten-kind.de\/KK2024\/wp-json\/wp\/v2\/comments?post=589"}],"version-history":[{"count":1,"href":"https:\/\/kuesten-kind.de\/KK2024\/wp-json\/wp\/v2\/posts\/589\/revisions"}],"predecessor-version":[{"id":591,"href":"https:\/\/kuesten-kind.de\/KK2024\/wp-json\/wp\/v2\/posts\/589\/revisions\/591"}],"wp:featuredmedia":[{"embeddable":true,"href":"https:\/\/kuesten-kind.de\/KK2024\/wp-json\/wp\/v2\/media\/590"}],"wp:attachment":[{"href":"https:\/\/kuesten-kind.de\/KK2024\/wp-json\/wp\/v2\/media?parent=589"}],"wp:term":[{"taxonomy":"category","embeddable":true,"href":"https:\/\/kuesten-kind.de\/KK2024\/wp-json\/wp\/v2\/categories?post=589"},{"taxonomy":"post_tag","embeddable":true,"href":"https:\/\/kuesten-kind.de\/KK2024\/wp-json\/wp\/v2\/tags?post=589"}],"curies":[{"name":"wp","href":"https:\/\/api.w.org\/{rel}","templated":true}]}}